{"id":104,"date":"2015-02-25T12:30:04","date_gmt":"2015-02-25T12:30:04","guid":{"rendered":"http:\/\/www.firmcam.de\/BLOG\/?p=104"},"modified":"2017-01-20T12:51:36","modified_gmt":"2017-01-20T12:51:36","slug":"generation-head-down-vs-selfies","status":"publish","type":"post","link":"http:\/\/www.firmcam.de\/en\/generation-head-down-vs-selfies\/","title":{"rendered":"Generation Head-Down v\u00b4s Selfies"},"content":{"rendered":"<p>Gerade eben bin ich auf ein Video gesto\u00dfen (ich muss gestehen, es war in der ARD Mediathek), da wurden die Gefahren beschrieben, mit denen die sog. Generation Head- Down lebt. Gezeigt wurden Menschen, die mit dem Kinn auf der Brust und verz\u00fcckt bis nachdenklich auf ihr Smartphone schauend durch die Alltagswelt laufen, und dabei in mal mehr mal weniger brenzlige Situationen geraten. Hierbei steigern sich die Situationen vom kleinen Rempler mit Passanten und Fahrr\u00e4dern zu Abst\u00fcrzen ins Gleisbett am Bahnhof.<br \/>\nWie immer beim 7. Sinn gab es den erhobenen Zeigefinger einer Generation, die sich tats\u00e4chlich noch durch die visuelle Abtastung der Umwelt und nicht via Google Maps orientierte.<br \/>\nEinmal auf dieses Thema losgelassen, und mit der Frage im Hinterkopf, ob es denn gesundheitlich verwerflich ist sich mal schnell \u00fcber die Wetter App zu informieren, ob es wirklich soo kalt ist, stie\u00df ich nat\u00fcrlich auf entsprechende Studien, die Haltungssch\u00e4den, Mimikfalten und Kopfschmerzen prognostizierten. \u00dcbrigens vom Nacken, als auch von St\u00fcrzen kommend. Man solle auf jeden Fall auf ausgleichende Gymnastik achten. Ach so\u2026<br \/>\nNun kommt aber ein Trend selten alleine, und nur, wenn man alle Aspekte der Generation Head- Down in ihrer Gesamtheit betrachtet, versteht man, warum man sich keinerlei Sorgen  machen muss:<br \/>\nMan tippe einfach in die pr\u00e4ferierte Suchmaschine \u201eSelfie\u201c ein, und schon findet man den Ausgleichssport Nr.1!<br \/>\nAlle, die in einem Moment noch halb eingerollt durch Leben schreiten, sind nun aufrecht und Fettp\u00f6lsterchen weg- streckend zu sehen. M\u00e4nner wirken pl\u00f6tzlich imposanter, Frauen 10kg leichter. Besonders bei Doppel- Selfies mit der besten Freundin.<br \/>\nWie man zum perfekten Selfie kommt werde ich gleich mal googlen. <\/p>\n<p>Die beste Weise, Fische zu beobachten,<br \/>\nbesteht darin, selber zum Fisch zu werden.<\/p>\n<p>In diesem Sinne,<br \/>\neuer Willy <\/p>\n<p><a href=\"http:\/\/www.firmcam.de\/BLOG\/wp-content\/uploads\/2015\/02\/willy_selfie_stick.jpg\"><img loading=\"lazy\" decoding=\"async\" src=\"http:\/\/www.firmcam.de\/BLOG\/wp-content\/uploads\/2015\/02\/willy_selfie_stick-255x300.jpg\" alt=\"willy_selfie_stick\" width=\"255\" height=\"300\" class=\"alignnone size-medium wp-image-94\" \/><\/a><br \/>\n<\/p>","protected":false},"excerpt":{"rendered":"<p>Gerade eben bin ich auf ein Video gesto\u00dfen (ich muss gestehen, es war in der ARD Mediathek), da wurden die Gefahren beschrieben, mit denen die sog. Generation Head- Down lebt. &#8230;<\/p>\n","protected":false},"author":1,"featured_media":0,"comment_status":"closed","ping_status":"closed","sticky":false,"template":"","format":"standard","meta":{"footnotes":""},"categories":[7],"tags":[],"class_list":["post-104","post","type-post","status-publish","format-standard","hentry","category-willy-winkekatze"],"yoast_head":"<!-- This site is optimized with the Yoast SEO plugin v26.8 - https:\/\/yoast.com\/product\/yoast-seo-wordpress\/ -->\n<title>Generation Head-Down v\u00b4s Selfies - Firmcam Fotoequipment<\/title>\n<meta name=\"robots\" content=\"index, follow, max-snippet:-1, max-image-preview:large, max-video-preview:-1\" \/>\n<link rel=\"canonical\" href=\"http:\/\/www.firmcam.de\/en\/generation-head-down-vs-selfies\/\" \/>\n<meta property=\"og:locale\" content=\"en_US\" \/>\n<meta property=\"og:type\" content=\"article\" \/>\n<meta property=\"og:title\" content=\"Generation Head-Down v\u00b4s Selfies - Firmcam Fotoequipment\" \/>\n<meta property=\"og:description\" content=\"Gerade eben bin ich auf ein Video gesto\u00dfen (ich muss gestehen, es war in der ARD Mediathek), da wurden die Gefahren beschrieben, mit denen die sog. Generation Head- Down lebt. ...\" \/>\n<meta property=\"og:url\" content=\"http:\/\/www.firmcam.de\/en\/generation-head-down-vs-selfies\/\" \/>\n<meta property=\"og:site_name\" content=\"Firmcam Fotoequipment\" \/>\n<meta property=\"article:publisher\" content=\"https:\/\/www.facebook.com\/FirmcamEurope\/\" \/>\n<meta property=\"article:published_time\" content=\"2015-02-25T12:30:04+00:00\" \/>\n<meta property=\"article:modified_time\" content=\"2017-01-20T12:51:36+00:00\" \/>\n<meta property=\"og:image\" content=\"http:\/\/www.firmcam.de\/wp-content\/uploads\/willy_selfie_stick-2-300x300.jpg\" \/>\n<meta name=\"author\" content=\"firmcam\" \/>\n<meta name=\"twitter:card\" content=\"summary_large_image\" \/>\n<meta name=\"twitter:label1\" content=\"Written by\" \/>\n\t<meta name=\"twitter:data1\" content=\"firmcam\" \/>\n\t<meta name=\"twitter:label2\" content=\"Est. reading time\" \/>\n\t<meta name=\"twitter:data2\" content=\"3 minutes\" \/>\n<script type=\"application\/ld+json\" class=\"yoast-schema-graph\">{\"@context\":\"https:\/\/schema.org\",\"@graph\":[{\"@type\":\"Article\",\"@id\":\"http:\/\/www.firmcam.de\/generation-head-down-vs-selfies\/#article\",\"isPartOf\":{\"@id\":\"http:\/\/www.firmcam.de\/generation-head-down-vs-selfies\/\"},\"author\":{\"name\":\"firmcam\",\"@id\":\"http:\/\/www.firmcam.de\/#\/schema\/person\/df3e52a6469ef07a6d5355c8e74760b1\"},\"headline\":\"Generation Head-Down v\u00b4s Selfies\",\"datePublished\":\"2015-02-25T12:30:04+00:00\",\"dateModified\":\"2017-01-20T12:51:36+00:00\",\"mainEntityOfPage\":{\"@id\":\"http:\/\/www.firmcam.de\/generation-head-down-vs-selfies\/\"},\"wordCount\":591,\"publisher\":{\"@id\":\"http:\/\/www.firmcam.de\/#organization\"},\"image\":{\"@id\":\"http:\/\/www.firmcam.de\/generation-head-down-vs-selfies\/#primaryimage\"},\"thumbnailUrl\":\"http:\/\/www.firmcam.de\/wp-content\/uploads\/willy_selfie_stick-2-300x300.jpg\",\"articleSection\":[\"\"],\"inLanguage\":\"en-US\"},{\"@type\":\"WebPage\",\"@id\":\"http:\/\/www.firmcam.de\/en\/generation-head-down-vs-selfies\/\",\"url\":\"http:\/\/www.firmcam.de\/en\/generation-head-down-vs-selfies\/\",\"name\":\"Generation Head-Down v\u00b4s Selfies - Firmcam Fotoequipment\",\"isPartOf\":{\"@id\":\"http:\/\/www.firmcam.de\/en\/#website\"},\"primaryImageOfPage\":{\"@id\":\"http:\/\/www.firmcam.de\/en\/generation-head-down-vs-selfies\/#primaryimage\"},\"image\":{\"@id\":\"http:\/\/www.firmcam.de\/generation-head-down-vs-selfies\/#primaryimage\"},\"thumbnailUrl\":\"http:\/\/www.firmcam.de\/wp-content\/uploads\/willy_selfie_stick-2-300x300.jpg\",\"datePublished\":\"2015-02-25T12:30:04+00:00\",\"dateModified\":\"2017-01-20T12:51:36+00:00\",\"breadcrumb\":{\"@id\":\"http:\/\/www.firmcam.de\/en\/generation-head-down-vs-selfies\/#breadcrumb\"},\"inLanguage\":\"en-US\",\"potentialAction\":[{\"@type\":\"ReadAction\",\"target\":[[\"http:\/\/www.firmcam.de\/en\/generation-head-down-vs-selfies\/\"]]}]},{\"@type\":\"ImageObject\",\"inLanguage\":\"en-US\",\"@id\":\"http:\/\/www.firmcam.de\/en\/generation-head-down-vs-selfies\/#primaryimage\",\"url\":\"http:\/\/www.firmcam.de\/wp-content\/uploads\/willy_selfie_stick-2-300x300.jpg\",\"contentUrl\":\"http:\/\/www.firmcam.de\/wp-content\/uploads\/willy_selfie_stick-2-300x300.jpg\"},{\"@type\":\"BreadcrumbList\",\"@id\":\"http:\/\/www.firmcam.de\/en\/generation-head-down-vs-selfies\/#breadcrumb\",\"itemListElement\":[{\"@type\":\"ListItem\",\"position\":1,\"name\":\"Startseite\",\"item\":\"http:\/\/www.firmcam.de\/en\/\"},{\"@type\":\"ListItem\",\"position\":2,\"name\":\"Generation Head-Down v\u00b4s Selfies\"}]},{\"@type\":\"WebSite\",\"@id\":\"http:\/\/www.firmcam.de\/en\/#website\",\"url\":\"http:\/\/www.firmcam.de\/en\/\",\"name\":\"Firmcam Fotoequipment\",\"description\":\"www.firmcam.de\",\"publisher\":{\"@id\":\"http:\/\/www.firmcam.de\/en\/#organization\"},\"potentialAction\":[{\"@type\":\"SearchAction\",\"target\":{\"@type\":\"EntryPoint\",\"urlTemplate\":\"http:\/\/www.firmcam.de\/en\/?s={search_term_string}\"},\"query-input\":{\"@type\":\"PropertyValueSpecification\",\"valueRequired\":true,\"valueName\":\"search_term_string\"}}],\"inLanguage\":\"en-US\"},{\"@type\":\"Organization\",\"@id\":\"http:\/\/www.firmcam.de\/en\/#organization\",\"name\":\"AudiNova GmbH\",\"url\":\"http:\/\/www.firmcam.de\/en\/\",\"logo\":{\"@type\":\"ImageObject\",\"inLanguage\":\"en-US\",\"@id\":\"http:\/\/www.firmcam.de\/en\/#\/schema\/logo\/image\/\",\"url\":\"http:\/\/www.firmcam.de\/wp-content\/uploads\/2017\/01\/cropped-Logo-wp.jpg\",\"contentUrl\":\"http:\/\/www.firmcam.de\/wp-content\/uploads\/2017\/01\/cropped-Logo-wp.jpg\",\"width\":440,\"height\":188,\"caption\":\"AudiNova GmbH\"},\"image\":{\"@id\":\"http:\/\/www.firmcam.de\/en\/#\/schema\/logo\/image\/\"},\"sameAs\":[\"https:\/\/www.facebook.com\/FirmcamEurope\/\",\"https:\/\/www.youtube.com\/channel\/UCvxHlPyhNgt0opu57OwKymw\"]},{\"@type\":\"Person\",\"@id\":\"http:\/\/www.firmcam.de\/#\/schema\/person\/df3e52a6469ef07a6d5355c8e74760b1\",\"name\":\"firmcam\"}]}<\/script>\n<!-- \/ Yoast SEO plugin. -->","yoast_head_json":{"title":"Generation Head-Down v\u00b4s Selfies - Firmcam Fotoequipment","robots":{"index":"index","follow":"follow","max-snippet":"max-snippet:-1","max-image-preview":"max-image-preview:large","max-video-preview":"max-video-preview:-1"},"canonical":"http:\/\/www.firmcam.de\/en\/generation-head-down-vs-selfies\/","og_locale":"en_US","og_type":"article","og_title":"Generation Head-Down v\u00b4s Selfies - Firmcam Fotoequipment","og_description":"Gerade eben bin ich auf ein Video gesto\u00dfen (ich muss gestehen, es war in der ARD Mediathek), da wurden die Gefahren beschrieben, mit denen die sog. Generation Head- Down lebt. ...","og_url":"http:\/\/www.firmcam.de\/en\/generation-head-down-vs-selfies\/","og_site_name":"Firmcam Fotoequipment","article_publisher":"https:\/\/www.facebook.com\/FirmcamEurope\/","article_published_time":"2015-02-25T12:30:04+00:00","article_modified_time":"2017-01-20T12:51:36+00:00","og_image":[{"url":"http:\/\/www.firmcam.de\/wp-content\/uploads\/willy_selfie_stick-2-300x300.jpg","type":"","width":"","height":""}],"author":"firmcam","twitter_card":"summary_large_image","twitter_misc":{"Written by":"firmcam","Est. reading time":"3 minutes"},"schema":{"@context":"https:\/\/schema.org","@graph":[{"@type":"Article","@id":"http:\/\/www.firmcam.de\/generation-head-down-vs-selfies\/#article","isPartOf":{"@id":"http:\/\/www.firmcam.de\/generation-head-down-vs-selfies\/"},"author":{"name":"firmcam","@id":"http:\/\/www.firmcam.de\/#\/schema\/person\/df3e52a6469ef07a6d5355c8e74760b1"},"headline":"Generation Head-Down v\u00b4s Selfies","datePublished":"2015-02-25T12:30:04+00:00","dateModified":"2017-01-20T12:51:36+00:00","mainEntityOfPage":{"@id":"http:\/\/www.firmcam.de\/generation-head-down-vs-selfies\/"},"wordCount":591,"publisher":{"@id":"http:\/\/www.firmcam.de\/#organization"},"image":{"@id":"http:\/\/www.firmcam.de\/generation-head-down-vs-selfies\/#primaryimage"},"thumbnailUrl":"http:\/\/www.firmcam.de\/wp-content\/uploads\/willy_selfie_stick-2-300x300.jpg","articleSection":[""],"inLanguage":"en-US"},{"@type":"WebPage","@id":"http:\/\/www.firmcam.de\/en\/generation-head-down-vs-selfies\/","url":"http:\/\/www.firmcam.de\/en\/generation-head-down-vs-selfies\/","name":"Generation Head-Down v\u00b4s Selfies - Firmcam Fotoequipment","isPartOf":{"@id":"http:\/\/www.firmcam.de\/en\/#website"},"primaryImageOfPage":{"@id":"http:\/\/www.firmcam.de\/en\/generation-head-down-vs-selfies\/#primaryimage"},"image":{"@id":"http:\/\/www.firmcam.de\/generation-head-down-vs-selfies\/#primaryimage"},"thumbnailUrl":"http:\/\/www.firmcam.de\/wp-content\/uploads\/willy_selfie_stick-2-300x300.jpg","datePublished":"2015-02-25T12:30:04+00:00","dateModified":"2017-01-20T12:51:36+00:00","breadcrumb":{"@id":"http:\/\/www.firmcam.de\/en\/generation-head-down-vs-selfies\/#breadcrumb"},"inLanguage":"en-US","potentialAction":[{"@type":"ReadAction","target":[["http:\/\/www.firmcam.de\/en\/generation-head-down-vs-selfies\/"]]}]},{"@type":"ImageObject","inLanguage":"en-US","@id":"http:\/\/www.firmcam.de\/en\/generation-head-down-vs-selfies\/#primaryimage","url":"http:\/\/www.firmcam.de\/wp-content\/uploads\/willy_selfie_stick-2-300x300.jpg","contentUrl":"http:\/\/www.firmcam.de\/wp-content\/uploads\/willy_selfie_stick-2-300x300.jpg"},{"@type":"BreadcrumbList","@id":"http:\/\/www.firmcam.de\/en\/generation-head-down-vs-selfies\/#breadcrumb","itemListElement":[{"@type":"ListItem","position":1,"name":"Startseite","item":"http:\/\/www.firmcam.de\/en\/"},{"@type":"ListItem","position":2,"name":"Generation Head-Down v\u00b4s Selfies"}]},{"@type":"WebSite","@id":"http:\/\/www.firmcam.de\/en\/#website","url":"http:\/\/www.firmcam.de\/en\/","name":"Firmcam Fotoequipment","description":"www.firmcam.de","publisher":{"@id":"http:\/\/www.firmcam.de\/en\/#organization"},"potentialAction":[{"@type":"SearchAction","target":{"@type":"EntryPoint","urlTemplate":"http:\/\/www.firmcam.de\/en\/?s={search_term_string}"},"query-input":{"@type":"PropertyValueSpecification","valueRequired":true,"valueName":"search_term_string"}}],"inLanguage":"en-US"},{"@type":"Organization","@id":"http:\/\/www.firmcam.de\/en\/#organization","name":"AudiNova GmbH","url":"http:\/\/www.firmcam.de\/en\/","logo":{"@type":"ImageObject","inLanguage":"en-US","@id":"http:\/\/www.firmcam.de\/en\/#\/schema\/logo\/image\/","url":"http:\/\/www.firmcam.de\/wp-content\/uploads\/2017\/01\/cropped-Logo-wp.jpg","contentUrl":"http:\/\/www.firmcam.de\/wp-content\/uploads\/2017\/01\/cropped-Logo-wp.jpg","width":440,"height":188,"caption":"AudiNova GmbH"},"image":{"@id":"http:\/\/www.firmcam.de\/en\/#\/schema\/logo\/image\/"},"sameAs":["https:\/\/www.facebook.com\/FirmcamEurope\/","https:\/\/www.youtube.com\/channel\/UCvxHlPyhNgt0opu57OwKymw"]},{"@type":"Person","@id":"http:\/\/www.firmcam.de\/#\/schema\/person\/df3e52a6469ef07a6d5355c8e74760b1","name":"firmcam"}]}},"_links":{"self":[{"href":"http:\/\/www.firmcam.de\/en\/wp-json\/wp\/v2\/posts\/104","targetHints":{"allow":["GET"]}}],"collection":[{"href":"http:\/\/www.firmcam.de\/en\/wp-json\/wp\/v2\/posts"}],"about":[{"href":"http:\/\/www.firmcam.de\/en\/wp-json\/wp\/v2\/types\/post"}],"author":[{"embeddable":true,"href":"http:\/\/www.firmcam.de\/en\/wp-json\/wp\/v2\/users\/1"}],"replies":[{"embeddable":true,"href":"http:\/\/www.firmcam.de\/en\/wp-json\/wp\/v2\/comments?post=104"}],"version-history":[{"count":0,"href":"http:\/\/www.firmcam.de\/en\/wp-json\/wp\/v2\/posts\/104\/revisions"}],"wp:attachment":[{"href":"http:\/\/www.firmcam.de\/en\/wp-json\/wp\/v2\/media?parent=104"}],"wp:term":[{"taxonomy":"category","embeddable":true,"href":"http:\/\/www.firmcam.de\/en\/wp-json\/wp\/v2\/categories?post=104"},{"taxonomy":"post_tag","embeddable":true,"href":"http:\/\/www.firmcam.de\/en\/wp-json\/wp\/v2\/tags?post=104"}],"curies":[{"name":"wp","href":"https:\/\/api.w.org\/{rel}","templated":true}]}}