{"id":119,"date":"2015-03-03T12:15:41","date_gmt":"2015-03-03T12:15:41","guid":{"rendered":"http:\/\/www.firmcam.de\/BLOG\/?p=119"},"modified":"2017-01-20T12:56:16","modified_gmt":"2017-01-20T12:56:16","slug":"nicht-verstecken-hashtagen","status":"publish","type":"post","link":"http:\/\/www.firmcam.de\/en\/nicht-verstecken-hashtagen\/","title":{"rendered":"Nicht verstecken \u2013 Hashtagen!"},"content":{"rendered":"<p>Jared Leto hat sich die Haare abschneiden lassen!<br \/>\nWas f\u00fcr ein Mega-Tweet! Kaum ein anderes Thema wird heute so hei\u00df diskutiert wie diese pers\u00f6nlichkeits- untergrabende Ver\u00e4nderung.<br \/>\nDabei kann man jetzt viel mehr von Herrn Leto sehen! Und das im w\u00f6rtlichen, wie auch im \u00fcbertragenen Sinne.<br \/>\nW\u00e4hrend getwittert wird, ob sich noch jemand an eine Zeit ohne lange M\u00e4hne und Bart erinnern w\u00fcrde (sprich an ein erkennbares Gesicht), sieht man \u00fcberall Fotos vom S\u00e4nger\/ Schauspieler. F\u00fcr lange Zeit wei\u00df jetzt wohl jeder wie er aussieht. Und verstecken muss sich der Gute ja nun wirklich nicht.<br \/>\nWas aber ist mit dem Rest von uns?<br \/>\nWas machen wir f\u00fcr unsere \u201e15 minutes of fame\u201c?<br \/>\nIch selber bin ja ein gro\u00dfer Selfie Fan. Aber wie viele Leute sollen mein Gesicht sehen? Meine Belfies bleiben geheim, aber sonst will ich mich nicht hinter langem Bart und Zottelm\u00e4hne verstecken. (Bei meinem Haarwuchs eh nicht m\u00f6glich\u2026)<br \/>\nDaher mein Aufruf: Nicht verstecken \u2013 Hashtagen!<br \/>\nVerteilt wilde Hashtags damit wir euch finden! Wir wollen auch sehen, sind neugierig auf euch!     Was w\u00e4ren YouTube, Twitter, facebook und der Rest ohne euch?<\/p>\n<p>Fische f\u00e4ngt man mit Angeln,<br \/>\nLeute mit Worten.<\/p>\n<p>In diesem Sinne,<br \/>\neuer Willy<br \/>\n<\/p>","protected":false},"excerpt":{"rendered":"<p>Jared Leto hat sich die Haare abschneiden lassen! Was f\u00fcr ein Mega-Tweet! Kaum ein anderes Thema wird heute so hei\u00df diskutiert wie diese pers\u00f6nlichkeits- untergrabende Ver\u00e4nderung. Dabei kann man jetzt &#8230;<\/p>\n","protected":false},"author":1,"featured_media":0,"comment_status":"closed","ping_status":"closed","sticky":false,"template":"","format":"standard","meta":{"footnotes":""},"categories":[7],"tags":[],"class_list":["post-119","post","type-post","status-publish","format-standard","hentry","category-willy-winkekatze"],"yoast_head":"<!-- This site is optimized with the Yoast SEO plugin v26.8 - https:\/\/yoast.com\/product\/yoast-seo-wordpress\/ -->\n<title>Nicht verstecken \u2013 Hashtagen! - Firmcam Fotoequipment<\/title>\n<meta name=\"robots\" content=\"index, follow, max-snippet:-1, max-image-preview:large, max-video-preview:-1\" \/>\n<link rel=\"canonical\" href=\"http:\/\/www.firmcam.de\/en\/nicht-verstecken-hashtagen\/\" \/>\n<meta property=\"og:locale\" content=\"en_US\" \/>\n<meta property=\"og:type\" content=\"article\" \/>\n<meta property=\"og:title\" content=\"Nicht verstecken \u2013 Hashtagen! - Firmcam Fotoequipment\" \/>\n<meta property=\"og:description\" content=\"Jared Leto hat sich die Haare abschneiden lassen! Was f\u00fcr ein Mega-Tweet! Kaum ein anderes Thema wird heute so hei\u00df diskutiert wie diese pers\u00f6nlichkeits- untergrabende Ver\u00e4nderung. Dabei kann man jetzt ...\" \/>\n<meta property=\"og:url\" content=\"http:\/\/www.firmcam.de\/en\/nicht-verstecken-hashtagen\/\" \/>\n<meta property=\"og:site_name\" content=\"Firmcam Fotoequipment\" \/>\n<meta property=\"article:publisher\" content=\"https:\/\/www.facebook.com\/FirmcamEurope\/\" \/>\n<meta property=\"article:published_time\" content=\"2015-03-03T12:15:41+00:00\" \/>\n<meta property=\"article:modified_time\" content=\"2017-01-20T12:56:16+00:00\" \/>\n<meta name=\"author\" content=\"firmcam\" \/>\n<meta name=\"twitter:card\" content=\"summary_large_image\" \/>\n<meta name=\"twitter:label1\" content=\"Written by\" \/>\n\t<meta name=\"twitter:data1\" content=\"firmcam\" \/>\n\t<meta name=\"twitter:label2\" content=\"Est. reading time\" \/>\n\t<meta name=\"twitter:data2\" content=\"2 minutes\" \/>\n<script type=\"application\/ld+json\" class=\"yoast-schema-graph\">{\"@context\":\"https:\/\/schema.org\",\"@graph\":[{\"@type\":\"Article\",\"@id\":\"http:\/\/www.firmcam.de\/nicht-verstecken-hashtagen\/#article\",\"isPartOf\":{\"@id\":\"http:\/\/www.firmcam.de\/nicht-verstecken-hashtagen\/\"},\"author\":{\"name\":\"firmcam\",\"@id\":\"http:\/\/www.firmcam.de\/#\/schema\/person\/df3e52a6469ef07a6d5355c8e74760b1\"},\"headline\":\"Nicht verstecken \u2013 Hashtagen!\",\"datePublished\":\"2015-03-03T12:15:41+00:00\",\"dateModified\":\"2017-01-20T12:56:16+00:00\",\"mainEntityOfPage\":{\"@id\":\"http:\/\/www.firmcam.de\/nicht-verstecken-hashtagen\/\"},\"wordCount\":418,\"publisher\":{\"@id\":\"http:\/\/www.firmcam.de\/#organization\"},\"articleSection\":[\"\"],\"inLanguage\":\"en-US\"},{\"@type\":\"WebPage\",\"@id\":\"http:\/\/www.firmcam.de\/en\/nicht-verstecken-hashtagen\/\",\"url\":\"http:\/\/www.firmcam.de\/en\/nicht-verstecken-hashtagen\/\",\"name\":\"Nicht verstecken \u2013 Hashtagen! - Firmcam Fotoequipment\",\"isPartOf\":{\"@id\":\"http:\/\/www.firmcam.de\/en\/#website\"},\"datePublished\":\"2015-03-03T12:15:41+00:00\",\"dateModified\":\"2017-01-20T12:56:16+00:00\",\"breadcrumb\":{\"@id\":\"http:\/\/www.firmcam.de\/en\/nicht-verstecken-hashtagen\/#breadcrumb\"},\"inLanguage\":\"en-US\",\"potentialAction\":[{\"@type\":\"ReadAction\",\"target\":[[\"http:\/\/www.firmcam.de\/en\/nicht-verstecken-hashtagen\/\"]]}]},{\"@type\":\"BreadcrumbList\",\"@id\":\"http:\/\/www.firmcam.de\/en\/nicht-verstecken-hashtagen\/#breadcrumb\",\"itemListElement\":[{\"@type\":\"ListItem\",\"position\":1,\"name\":\"Startseite\",\"item\":\"http:\/\/www.firmcam.de\/en\/\"},{\"@type\":\"ListItem\",\"position\":2,\"name\":\"Nicht verstecken \u2013 Hashtagen!\"}]},{\"@type\":\"WebSite\",\"@id\":\"http:\/\/www.firmcam.de\/en\/#website\",\"url\":\"http:\/\/www.firmcam.de\/en\/\",\"name\":\"Firmcam Fotoequipment\",\"description\":\"www.firmcam.de\",\"publisher\":{\"@id\":\"http:\/\/www.firmcam.de\/en\/#organization\"},\"potentialAction\":[{\"@type\":\"SearchAction\",\"target\":{\"@type\":\"EntryPoint\",\"urlTemplate\":\"http:\/\/www.firmcam.de\/en\/?s={search_term_string}\"},\"query-input\":{\"@type\":\"PropertyValueSpecification\",\"valueRequired\":true,\"valueName\":\"search_term_string\"}}],\"inLanguage\":\"en-US\"},{\"@type\":\"Organization\",\"@id\":\"http:\/\/www.firmcam.de\/en\/#organization\",\"name\":\"AudiNova GmbH\",\"url\":\"http:\/\/www.firmcam.de\/en\/\",\"logo\":{\"@type\":\"ImageObject\",\"inLanguage\":\"en-US\",\"@id\":\"http:\/\/www.firmcam.de\/en\/#\/schema\/logo\/image\/\",\"url\":\"http:\/\/www.firmcam.de\/wp-content\/uploads\/2017\/01\/cropped-Logo-wp.jpg\",\"contentUrl\":\"http:\/\/www.firmcam.de\/wp-content\/uploads\/2017\/01\/cropped-Logo-wp.jpg\",\"width\":440,\"height\":188,\"caption\":\"AudiNova GmbH\"},\"image\":{\"@id\":\"http:\/\/www.firmcam.de\/en\/#\/schema\/logo\/image\/\"},\"sameAs\":[\"https:\/\/www.facebook.com\/FirmcamEurope\/\",\"https:\/\/www.youtube.com\/channel\/UCvxHlPyhNgt0opu57OwKymw\"]},{\"@type\":\"Person\",\"@id\":\"http:\/\/www.firmcam.de\/#\/schema\/person\/df3e52a6469ef07a6d5355c8e74760b1\",\"name\":\"firmcam\"}]}<\/script>\n<!-- \/ Yoast SEO plugin. -->","yoast_head_json":{"title":"Nicht verstecken \u2013 Hashtagen! - Firmcam Fotoequipment","robots":{"index":"index","follow":"follow","max-snippet":"max-snippet:-1","max-image-preview":"max-image-preview:large","max-video-preview":"max-video-preview:-1"},"canonical":"http:\/\/www.firmcam.de\/en\/nicht-verstecken-hashtagen\/","og_locale":"en_US","og_type":"article","og_title":"Nicht verstecken \u2013 Hashtagen! - Firmcam Fotoequipment","og_description":"Jared Leto hat sich die Haare abschneiden lassen! Was f\u00fcr ein Mega-Tweet! Kaum ein anderes Thema wird heute so hei\u00df diskutiert wie diese pers\u00f6nlichkeits- untergrabende Ver\u00e4nderung. Dabei kann man jetzt ...","og_url":"http:\/\/www.firmcam.de\/en\/nicht-verstecken-hashtagen\/","og_site_name":"Firmcam Fotoequipment","article_publisher":"https:\/\/www.facebook.com\/FirmcamEurope\/","article_published_time":"2015-03-03T12:15:41+00:00","article_modified_time":"2017-01-20T12:56:16+00:00","author":"firmcam","twitter_card":"summary_large_image","twitter_misc":{"Written by":"firmcam","Est. reading time":"2 minutes"},"schema":{"@context":"https:\/\/schema.org","@graph":[{"@type":"Article","@id":"http:\/\/www.firmcam.de\/nicht-verstecken-hashtagen\/#article","isPartOf":{"@id":"http:\/\/www.firmcam.de\/nicht-verstecken-hashtagen\/"},"author":{"name":"firmcam","@id":"http:\/\/www.firmcam.de\/#\/schema\/person\/df3e52a6469ef07a6d5355c8e74760b1"},"headline":"Nicht verstecken \u2013 Hashtagen!","datePublished":"2015-03-03T12:15:41+00:00","dateModified":"2017-01-20T12:56:16+00:00","mainEntityOfPage":{"@id":"http:\/\/www.firmcam.de\/nicht-verstecken-hashtagen\/"},"wordCount":418,"publisher":{"@id":"http:\/\/www.firmcam.de\/#organization"},"articleSection":[""],"inLanguage":"en-US"},{"@type":"WebPage","@id":"http:\/\/www.firmcam.de\/en\/nicht-verstecken-hashtagen\/","url":"http:\/\/www.firmcam.de\/en\/nicht-verstecken-hashtagen\/","name":"Nicht verstecken \u2013 Hashtagen! - Firmcam Fotoequipment","isPartOf":{"@id":"http:\/\/www.firmcam.de\/en\/#website"},"datePublished":"2015-03-03T12:15:41+00:00","dateModified":"2017-01-20T12:56:16+00:00","breadcrumb":{"@id":"http:\/\/www.firmcam.de\/en\/nicht-verstecken-hashtagen\/#breadcrumb"},"inLanguage":"en-US","potentialAction":[{"@type":"ReadAction","target":[["http:\/\/www.firmcam.de\/en\/nicht-verstecken-hashtagen\/"]]}]},{"@type":"BreadcrumbList","@id":"http:\/\/www.firmcam.de\/en\/nicht-verstecken-hashtagen\/#breadcrumb","itemListElement":[{"@type":"ListItem","position":1,"name":"Startseite","item":"http:\/\/www.firmcam.de\/en\/"},{"@type":"ListItem","position":2,"name":"Nicht verstecken \u2013 Hashtagen!"}]},{"@type":"WebSite","@id":"http:\/\/www.firmcam.de\/en\/#website","url":"http:\/\/www.firmcam.de\/en\/","name":"Firmcam Fotoequipment","description":"www.firmcam.de","publisher":{"@id":"http:\/\/www.firmcam.de\/en\/#organization"},"potentialAction":[{"@type":"SearchAction","target":{"@type":"EntryPoint","urlTemplate":"http:\/\/www.firmcam.de\/en\/?s={search_term_string}"},"query-input":{"@type":"PropertyValueSpecification","valueRequired":true,"valueName":"search_term_string"}}],"inLanguage":"en-US"},{"@type":"Organization","@id":"http:\/\/www.firmcam.de\/en\/#organization","name":"AudiNova GmbH","url":"http:\/\/www.firmcam.de\/en\/","logo":{"@type":"ImageObject","inLanguage":"en-US","@id":"http:\/\/www.firmcam.de\/en\/#\/schema\/logo\/image\/","url":"http:\/\/www.firmcam.de\/wp-content\/uploads\/2017\/01\/cropped-Logo-wp.jpg","contentUrl":"http:\/\/www.firmcam.de\/wp-content\/uploads\/2017\/01\/cropped-Logo-wp.jpg","width":440,"height":188,"caption":"AudiNova GmbH"},"image":{"@id":"http:\/\/www.firmcam.de\/en\/#\/schema\/logo\/image\/"},"sameAs":["https:\/\/www.facebook.com\/FirmcamEurope\/","https:\/\/www.youtube.com\/channel\/UCvxHlPyhNgt0opu57OwKymw"]},{"@type":"Person","@id":"http:\/\/www.firmcam.de\/#\/schema\/person\/df3e52a6469ef07a6d5355c8e74760b1","name":"firmcam"}]}},"_links":{"self":[{"href":"http:\/\/www.firmcam.de\/en\/wp-json\/wp\/v2\/posts\/119","targetHints":{"allow":["GET"]}}],"collection":[{"href":"http:\/\/www.firmcam.de\/en\/wp-json\/wp\/v2\/posts"}],"about":[{"href":"http:\/\/www.firmcam.de\/en\/wp-json\/wp\/v2\/types\/post"}],"author":[{"embeddable":true,"href":"http:\/\/www.firmcam.de\/en\/wp-json\/wp\/v2\/users\/1"}],"replies":[{"embeddable":true,"href":"http:\/\/www.firmcam.de\/en\/wp-json\/wp\/v2\/comments?post=119"}],"version-history":[{"count":0,"href":"http:\/\/www.firmcam.de\/en\/wp-json\/wp\/v2\/posts\/119\/revisions"}],"wp:attachment":[{"href":"http:\/\/www.firmcam.de\/en\/wp-json\/wp\/v2\/media?parent=119"}],"wp:term":[{"taxonomy":"category","embeddable":true,"href":"http:\/\/www.firmcam.de\/en\/wp-json\/wp\/v2\/categories?post=119"},{"taxonomy":"post_tag","embeddable":true,"href":"http:\/\/www.firmcam.de\/en\/wp-json\/wp\/v2\/tags?post=119"}],"curies":[{"name":"wp","href":"https:\/\/api.w.org\/{rel}","templated":true}]}}