{"id":157,"date":"2015-03-13T11:00:03","date_gmt":"2015-03-13T11:00:03","guid":{"rendered":"http:\/\/www.firmcam.de\/BLOG\/?p=157"},"modified":"2017-01-20T12:59:58","modified_gmt":"2017-01-20T12:59:58","slug":"freitag-der-13te","status":"publish","type":"post","link":"http:\/\/www.firmcam.de\/en\/freitag-der-13te\/","title":{"rendered":"Freitag der 13te &#8230;"},"content":{"rendered":"<p>Zugegeben, ich bin keine schwarze Katze, aber Freitag der 13. ist schon eine Erw\u00e4hnung wert.<br \/>\nBesonders wenn es schon der zweite in Folge ist.<br \/>\nIch wollte mir \u00fcbrigens zur Feier des Tages einen Spa\u00df erlauben, und den Weg meiner Kollegin kreuzen.<br \/>\nNat\u00fcrlich mit einer schwarzen Maske.<br \/>\nAllerdings wusste ich nicht mehr, von welcher Seite ich Anlauf nehmen musste, damit ich auch wirklich Ungl\u00fcck bringe.<br \/>\nAls ich also noch so vor mich hin \u00fcberlegte, sah mich meine Kollegin auch schon, z\u00fcckte ihr Handy und fotografierte mich lachend mit meiner Maske.<br \/>\nDas Foto geht jetzt durch die Firma, und ich mache mir jetzt neue Gedanken \u00fcber diesen, nun meinen pers\u00f6nlichen, Ungl\u00fcckstag. <\/p>\n<p>Die Katze frisst gern Fische<br \/>\nSie will aber nicht ins Wasser <\/p>\n<p>In diesem Sinne,<br \/>\neuer Willy   <\/p>\n<p>p.s.:<br \/>\nDas Foto will ich euch nicht vorenthalten:<\/p>\n<p><a href=\"http:\/\/www.firmcam.de\/BLOG\/wp-content\/uploads\/2015\/03\/Willy-mit-BatmanMaske.jpg\"><img loading=\"lazy\" decoding=\"async\" src=\"http:\/\/www.firmcam.de\/BLOG\/wp-content\/uploads\/2015\/03\/Willy-mit-BatmanMaske.jpg\" alt=\"Willy mit BatmanMaske\" width=\"918\" height=\"581\" class=\"alignnone size-full wp-image-158\" \/><\/a><\/p>","protected":false},"excerpt":{"rendered":"<p>Zugegeben, ich bin keine schwarze Katze, aber Freitag der 13. ist schon eine Erw\u00e4hnung wert. Besonders wenn es schon der zweite in Folge ist. Ich wollte mir \u00fcbrigens zur Feier &#8230;<\/p>\n","protected":false},"author":1,"featured_media":0,"comment_status":"closed","ping_status":"closed","sticky":false,"template":"","format":"standard","meta":{"footnotes":""},"categories":[7],"tags":[],"class_list":["post-157","post","type-post","status-publish","format-standard","hentry","category-willy-winkekatze"],"yoast_head":"<!-- This site is optimized with the Yoast SEO plugin v26.8 - https:\/\/yoast.com\/product\/yoast-seo-wordpress\/ -->\n<title>Freitag der 13te ... - Firmcam Fotoequipment<\/title>\n<meta name=\"robots\" content=\"index, follow, max-snippet:-1, max-image-preview:large, max-video-preview:-1\" \/>\n<link rel=\"canonical\" href=\"http:\/\/www.firmcam.de\/en\/freitag-der-13te\/\" \/>\n<meta property=\"og:locale\" content=\"en_US\" \/>\n<meta property=\"og:type\" content=\"article\" \/>\n<meta property=\"og:title\" content=\"Freitag der 13te ... - Firmcam Fotoequipment\" \/>\n<meta property=\"og:description\" content=\"Zugegeben, ich bin keine schwarze Katze, aber Freitag der 13. ist schon eine Erw\u00e4hnung wert. Besonders wenn es schon der zweite in Folge ist. Ich wollte mir \u00fcbrigens zur Feier ...\" \/>\n<meta property=\"og:url\" content=\"http:\/\/www.firmcam.de\/en\/freitag-der-13te\/\" \/>\n<meta property=\"og:site_name\" content=\"Firmcam Fotoequipment\" \/>\n<meta property=\"article:publisher\" content=\"https:\/\/www.facebook.com\/FirmcamEurope\/\" \/>\n<meta property=\"article:published_time\" content=\"2015-03-13T11:00:03+00:00\" \/>\n<meta property=\"article:modified_time\" content=\"2017-01-20T12:59:58+00:00\" \/>\n<meta property=\"og:image\" content=\"http:\/\/www.firmcam.de\/wp-content\/uploads\/Willy-mit-BatmanMaske-300x200.jpg\" \/>\n<meta name=\"author\" content=\"firmcam\" \/>\n<meta name=\"twitter:card\" content=\"summary_large_image\" \/>\n<meta name=\"twitter:label1\" content=\"Written by\" \/>\n\t<meta name=\"twitter:data1\" content=\"firmcam\" \/>\n\t<meta name=\"twitter:label2\" content=\"Est. reading time\" \/>\n\t<meta name=\"twitter:data2\" content=\"1 minute\" \/>\n<script type=\"application\/ld+json\" class=\"yoast-schema-graph\">{\"@context\":\"https:\/\/schema.org\",\"@graph\":[{\"@type\":\"Article\",\"@id\":\"http:\/\/www.firmcam.de\/freitag-der-13te\/#article\",\"isPartOf\":{\"@id\":\"http:\/\/www.firmcam.de\/freitag-der-13te\/\"},\"author\":{\"name\":\"firmcam\",\"@id\":\"http:\/\/www.firmcam.de\/#\/schema\/person\/df3e52a6469ef07a6d5355c8e74760b1\"},\"headline\":\"Freitag der 13te &#8230;\",\"datePublished\":\"2015-03-13T11:00:03+00:00\",\"dateModified\":\"2017-01-20T12:59:58+00:00\",\"mainEntityOfPage\":{\"@id\":\"http:\/\/www.firmcam.de\/freitag-der-13te\/\"},\"wordCount\":284,\"publisher\":{\"@id\":\"http:\/\/www.firmcam.de\/#organization\"},\"image\":{\"@id\":\"http:\/\/www.firmcam.de\/freitag-der-13te\/#primaryimage\"},\"thumbnailUrl\":\"http:\/\/www.firmcam.de\/wp-content\/uploads\/Willy-mit-BatmanMaske-300x200.jpg\",\"articleSection\":[\"\"],\"inLanguage\":\"en-US\"},{\"@type\":\"WebPage\",\"@id\":\"http:\/\/www.firmcam.de\/en\/freitag-der-13te\/\",\"url\":\"http:\/\/www.firmcam.de\/en\/freitag-der-13te\/\",\"name\":\"Freitag der 13te ... - Firmcam Fotoequipment\",\"isPartOf\":{\"@id\":\"http:\/\/www.firmcam.de\/en\/#website\"},\"primaryImageOfPage\":{\"@id\":\"http:\/\/www.firmcam.de\/en\/freitag-der-13te\/#primaryimage\"},\"image\":{\"@id\":\"http:\/\/www.firmcam.de\/freitag-der-13te\/#primaryimage\"},\"thumbnailUrl\":\"http:\/\/www.firmcam.de\/wp-content\/uploads\/Willy-mit-BatmanMaske-300x200.jpg\",\"datePublished\":\"2015-03-13T11:00:03+00:00\",\"dateModified\":\"2017-01-20T12:59:58+00:00\",\"breadcrumb\":{\"@id\":\"http:\/\/www.firmcam.de\/en\/freitag-der-13te\/#breadcrumb\"},\"inLanguage\":\"en-US\",\"potentialAction\":[{\"@type\":\"ReadAction\",\"target\":[[\"http:\/\/www.firmcam.de\/en\/freitag-der-13te\/\"]]}]},{\"@type\":\"ImageObject\",\"inLanguage\":\"en-US\",\"@id\":\"http:\/\/www.firmcam.de\/en\/freitag-der-13te\/#primaryimage\",\"url\":\"http:\/\/www.firmcam.de\/wp-content\/uploads\/Willy-mit-BatmanMaske-300x200.jpg\",\"contentUrl\":\"http:\/\/www.firmcam.de\/wp-content\/uploads\/Willy-mit-BatmanMaske-300x200.jpg\"},{\"@type\":\"BreadcrumbList\",\"@id\":\"http:\/\/www.firmcam.de\/en\/freitag-der-13te\/#breadcrumb\",\"itemListElement\":[{\"@type\":\"ListItem\",\"position\":1,\"name\":\"Startseite\",\"item\":\"http:\/\/www.firmcam.de\/en\/\"},{\"@type\":\"ListItem\",\"position\":2,\"name\":\"Freitag der 13te &#8230;\"}]},{\"@type\":\"WebSite\",\"@id\":\"http:\/\/www.firmcam.de\/en\/#website\",\"url\":\"http:\/\/www.firmcam.de\/en\/\",\"name\":\"Firmcam Fotoequipment\",\"description\":\"www.firmcam.de\",\"publisher\":{\"@id\":\"http:\/\/www.firmcam.de\/en\/#organization\"},\"potentialAction\":[{\"@type\":\"SearchAction\",\"target\":{\"@type\":\"EntryPoint\",\"urlTemplate\":\"http:\/\/www.firmcam.de\/en\/?s={search_term_string}\"},\"query-input\":{\"@type\":\"PropertyValueSpecification\",\"valueRequired\":true,\"valueName\":\"search_term_string\"}}],\"inLanguage\":\"en-US\"},{\"@type\":\"Organization\",\"@id\":\"http:\/\/www.firmcam.de\/en\/#organization\",\"name\":\"AudiNova GmbH\",\"url\":\"http:\/\/www.firmcam.de\/en\/\",\"logo\":{\"@type\":\"ImageObject\",\"inLanguage\":\"en-US\",\"@id\":\"http:\/\/www.firmcam.de\/en\/#\/schema\/logo\/image\/\",\"url\":\"http:\/\/www.firmcam.de\/wp-content\/uploads\/2017\/01\/cropped-Logo-wp.jpg\",\"contentUrl\":\"http:\/\/www.firmcam.de\/wp-content\/uploads\/2017\/01\/cropped-Logo-wp.jpg\",\"width\":440,\"height\":188,\"caption\":\"AudiNova GmbH\"},\"image\":{\"@id\":\"http:\/\/www.firmcam.de\/en\/#\/schema\/logo\/image\/\"},\"sameAs\":[\"https:\/\/www.facebook.com\/FirmcamEurope\/\",\"https:\/\/www.youtube.com\/channel\/UCvxHlPyhNgt0opu57OwKymw\"]},{\"@type\":\"Person\",\"@id\":\"http:\/\/www.firmcam.de\/#\/schema\/person\/df3e52a6469ef07a6d5355c8e74760b1\",\"name\":\"firmcam\"}]}<\/script>\n<!-- \/ Yoast SEO plugin. -->","yoast_head_json":{"title":"Freitag der 13te ... - Firmcam Fotoequipment","robots":{"index":"index","follow":"follow","max-snippet":"max-snippet:-1","max-image-preview":"max-image-preview:large","max-video-preview":"max-video-preview:-1"},"canonical":"http:\/\/www.firmcam.de\/en\/freitag-der-13te\/","og_locale":"en_US","og_type":"article","og_title":"Freitag der 13te ... - Firmcam Fotoequipment","og_description":"Zugegeben, ich bin keine schwarze Katze, aber Freitag der 13. ist schon eine Erw\u00e4hnung wert. Besonders wenn es schon der zweite in Folge ist. Ich wollte mir \u00fcbrigens zur Feier ...","og_url":"http:\/\/www.firmcam.de\/en\/freitag-der-13te\/","og_site_name":"Firmcam Fotoequipment","article_publisher":"https:\/\/www.facebook.com\/FirmcamEurope\/","article_published_time":"2015-03-13T11:00:03+00:00","article_modified_time":"2017-01-20T12:59:58+00:00","og_image":[{"url":"http:\/\/www.firmcam.de\/wp-content\/uploads\/Willy-mit-BatmanMaske-300x200.jpg","type":"","width":"","height":""}],"author":"firmcam","twitter_card":"summary_large_image","twitter_misc":{"Written by":"firmcam","Est. reading time":"1 minute"},"schema":{"@context":"https:\/\/schema.org","@graph":[{"@type":"Article","@id":"http:\/\/www.firmcam.de\/freitag-der-13te\/#article","isPartOf":{"@id":"http:\/\/www.firmcam.de\/freitag-der-13te\/"},"author":{"name":"firmcam","@id":"http:\/\/www.firmcam.de\/#\/schema\/person\/df3e52a6469ef07a6d5355c8e74760b1"},"headline":"Freitag der 13te &#8230;","datePublished":"2015-03-13T11:00:03+00:00","dateModified":"2017-01-20T12:59:58+00:00","mainEntityOfPage":{"@id":"http:\/\/www.firmcam.de\/freitag-der-13te\/"},"wordCount":284,"publisher":{"@id":"http:\/\/www.firmcam.de\/#organization"},"image":{"@id":"http:\/\/www.firmcam.de\/freitag-der-13te\/#primaryimage"},"thumbnailUrl":"http:\/\/www.firmcam.de\/wp-content\/uploads\/Willy-mit-BatmanMaske-300x200.jpg","articleSection":[""],"inLanguage":"en-US"},{"@type":"WebPage","@id":"http:\/\/www.firmcam.de\/en\/freitag-der-13te\/","url":"http:\/\/www.firmcam.de\/en\/freitag-der-13te\/","name":"Freitag der 13te ... - Firmcam Fotoequipment","isPartOf":{"@id":"http:\/\/www.firmcam.de\/en\/#website"},"primaryImageOfPage":{"@id":"http:\/\/www.firmcam.de\/en\/freitag-der-13te\/#primaryimage"},"image":{"@id":"http:\/\/www.firmcam.de\/freitag-der-13te\/#primaryimage"},"thumbnailUrl":"http:\/\/www.firmcam.de\/wp-content\/uploads\/Willy-mit-BatmanMaske-300x200.jpg","datePublished":"2015-03-13T11:00:03+00:00","dateModified":"2017-01-20T12:59:58+00:00","breadcrumb":{"@id":"http:\/\/www.firmcam.de\/en\/freitag-der-13te\/#breadcrumb"},"inLanguage":"en-US","potentialAction":[{"@type":"ReadAction","target":[["http:\/\/www.firmcam.de\/en\/freitag-der-13te\/"]]}]},{"@type":"ImageObject","inLanguage":"en-US","@id":"http:\/\/www.firmcam.de\/en\/freitag-der-13te\/#primaryimage","url":"http:\/\/www.firmcam.de\/wp-content\/uploads\/Willy-mit-BatmanMaske-300x200.jpg","contentUrl":"http:\/\/www.firmcam.de\/wp-content\/uploads\/Willy-mit-BatmanMaske-300x200.jpg"},{"@type":"BreadcrumbList","@id":"http:\/\/www.firmcam.de\/en\/freitag-der-13te\/#breadcrumb","itemListElement":[{"@type":"ListItem","position":1,"name":"Startseite","item":"http:\/\/www.firmcam.de\/en\/"},{"@type":"ListItem","position":2,"name":"Freitag der 13te &#8230;"}]},{"@type":"WebSite","@id":"http:\/\/www.firmcam.de\/en\/#website","url":"http:\/\/www.firmcam.de\/en\/","name":"Firmcam Fotoequipment","description":"www.firmcam.de","publisher":{"@id":"http:\/\/www.firmcam.de\/en\/#organization"},"potentialAction":[{"@type":"SearchAction","target":{"@type":"EntryPoint","urlTemplate":"http:\/\/www.firmcam.de\/en\/?s={search_term_string}"},"query-input":{"@type":"PropertyValueSpecification","valueRequired":true,"valueName":"search_term_string"}}],"inLanguage":"en-US"},{"@type":"Organization","@id":"http:\/\/www.firmcam.de\/en\/#organization","name":"AudiNova GmbH","url":"http:\/\/www.firmcam.de\/en\/","logo":{"@type":"ImageObject","inLanguage":"en-US","@id":"http:\/\/www.firmcam.de\/en\/#\/schema\/logo\/image\/","url":"http:\/\/www.firmcam.de\/wp-content\/uploads\/2017\/01\/cropped-Logo-wp.jpg","contentUrl":"http:\/\/www.firmcam.de\/wp-content\/uploads\/2017\/01\/cropped-Logo-wp.jpg","width":440,"height":188,"caption":"AudiNova GmbH"},"image":{"@id":"http:\/\/www.firmcam.de\/en\/#\/schema\/logo\/image\/"},"sameAs":["https:\/\/www.facebook.com\/FirmcamEurope\/","https:\/\/www.youtube.com\/channel\/UCvxHlPyhNgt0opu57OwKymw"]},{"@type":"Person","@id":"http:\/\/www.firmcam.de\/#\/schema\/person\/df3e52a6469ef07a6d5355c8e74760b1","name":"firmcam"}]}},"_links":{"self":[{"href":"http:\/\/www.firmcam.de\/en\/wp-json\/wp\/v2\/posts\/157","targetHints":{"allow":["GET"]}}],"collection":[{"href":"http:\/\/www.firmcam.de\/en\/wp-json\/wp\/v2\/posts"}],"about":[{"href":"http:\/\/www.firmcam.de\/en\/wp-json\/wp\/v2\/types\/post"}],"author":[{"embeddable":true,"href":"http:\/\/www.firmcam.de\/en\/wp-json\/wp\/v2\/users\/1"}],"replies":[{"embeddable":true,"href":"http:\/\/www.firmcam.de\/en\/wp-json\/wp\/v2\/comments?post=157"}],"version-history":[{"count":0,"href":"http:\/\/www.firmcam.de\/en\/wp-json\/wp\/v2\/posts\/157\/revisions"}],"wp:attachment":[{"href":"http:\/\/www.firmcam.de\/en\/wp-json\/wp\/v2\/media?parent=157"}],"wp:term":[{"taxonomy":"category","embeddable":true,"href":"http:\/\/www.firmcam.de\/en\/wp-json\/wp\/v2\/categories?post=157"},{"taxonomy":"post_tag","embeddable":true,"href":"http:\/\/www.firmcam.de\/en\/wp-json\/wp\/v2\/tags?post=157"}],"curies":[{"name":"wp","href":"https:\/\/api.w.org\/{rel}","templated":true}]}}